{"id":1048,"date":"2022-03-24T02:55:41","date_gmt":"2022-03-24T09:55:41","guid":{"rendered":"https:\/\/fr.gosec.net\/?p=1048"},"modified":"2022-03-24T02:55:41","modified_gmt":"2022-03-24T09:55:41","slug":"le-gosec-incontournable-conference-sur-la-cybersecurite-annonce-les-dates-pour-2022-et-la-mise-a-jour-de-son-format","status":"publish","type":"post","link":"https:\/\/gosec.net\/fr\/blog\/2022\/03\/24\/le-gosec-incontournable-conference-sur-la-cybersecurite-annonce-les-dates-pour-2022-et-la-mise-a-jour-de-son-format\/","title":{"rendered":"Le GoSec, incontournable conf\u00e9rence sur la cybers\u00e9curit\u00e9, annonce les dates pour 2022 et la mise \u00e0 jour de son format"},"content":{"rendered":"<p>[et_pb_section fb_built=\u00a0\u00bb1&Prime; _builder_version=\u00a0\u00bb4.15.1&Prime; _module_preset=\u00a0\u00bbdefault\u00a0\u00bb global_colors_info=\u00a0\u00bb{}\u00a0\u00bb][et_pb_row _builder_version=\u00a0\u00bb4.15.1&Prime; _module_preset=\u00a0\u00bbdefault\u00a0\u00bb global_colors_info=\u00a0\u00bb{}\u00a0\u00bb][et_pb_column type=\u00a0\u00bb4_4&Prime; _builder_version=\u00a0\u00bb4.15.1&Prime; _module_preset=\u00a0\u00bbdefault\u00a0\u00bb global_colors_info=\u00a0\u00bb{}\u00a0\u00bb][et_pb_text admin_label=\u00a0\u00bbSub Header\u00a0\u00bb _builder_version=\u00a0\u00bb4.15.1&Prime; _module_preset=\u00a0\u00bbdefault\u00a0\u00bb header_2_font=\u00a0\u00bb||on||||||\u00a0\u00bb header_2_font_size=\u00a0\u00bb22px\u00a0\u00bb global_colors_info=\u00a0\u00bb{}\u00a0\u00bb]<\/p>\n<h2>Les participants int\u00e9ress\u00e9s notamment par le piratage \u00e9thique, l\u2019analyse des menaces et le r\u00e9seautage avec leurs pairs seront accueillis en personne, mais \u00e9galement virtuellement les 7 et 8 septembre 2022.<\/h2>\n<p>[\/et_pb_text][et_pb_text admin_label=\u00a0\u00bbBody\u00a0\u00bb _builder_version=\u00a0\u00bb4.15.1&Prime; _module_preset=\u00a0\u00bbdefault\u00a0\u00bb global_colors_info=\u00a0\u00bb{}\u00a0\u00bb]<\/p>\n<p><strong>Montreal, QC<\/strong>\u00a0\u2014 <a href=\"http:\/\/www.gosec.net\/\">GoSec<\/a>, incontournable conf\u00e9rence et exposition sur la s\u00e9curit\u00e9 de l\u2019information au Canada, sera de retour en personne au Centre des congr\u00e8s de Montr\u00e9al cette ann\u00e9e, en plus d\u2019offrir une exp\u00e9rience num\u00e9rique robuste afin de s\u2019assurer qu\u2019un large public de professionnels de la cybers\u00e9curit\u00e9 puisse avoir acc\u00e8s aux contenus, s\u2019engager et se connecter \u00e0 l\u2019\u00e9v\u00e9nement.<\/p>\n<p>Depuis 18 ans, la mission du GoSec est de r\u00e9unir divers intervenants et leaders dans le domaine de la cybers\u00e9curit\u00e9 afin d\u2019\u00e9changer des connaissances, de partager des recherches et de prodiguer des enseignements et des formations. En plus d\u2019offrir une excellente occasion de r\u00e9seautage, cet \u00e9v\u00e9nement donne aux participants la possibilit\u00e9 de se renseigner sur les nouvelles tendances et les nouveaux sujets du secteur gr\u00e2ce \u00e0 plus de 30 sessions. Les intervenants couvriront un \u00e9ventail de sujets allant du piratage \u00e9thique, de la gestion des menaces et des vuln\u00e9rabilit\u00e9s \u00e0 l\u2019apprentissage automatique et \u00e0 l\u2019intelligence artificielle.<\/p>\n<p>\u00ab\u00a0GoSec est une conf\u00e9rence unique o\u00f9 vous pouvez rencontrer et discuter avec des acteurs cl\u00e9s de la cybers\u00e9curit\u00e9 au Canada\u00a0\u00bb, a not\u00e9 la conf\u00e9renci\u00e8re Masarah Paquet-Clouston, professeure adjointe, Criminologie, Universit\u00e9 de Montr\u00e9al. \u00a0\u00bb Les pr\u00e9sentations vont de la r\u00e9solution de probl\u00e8mes industriels par des solutions concr\u00e8tes \u00e0 la d\u00e9couverte de vuln\u00e9rabilit\u00e9s de pointe, en passant par la pr\u00e9sentation de recherches universitaires de pointe. Cette conf\u00e9rence est d\u00e9finitivement un must!\u201d<\/p>\n<p><a href=\"https:\/\/gosec.net\/call-for-papers\/\">L\u2019appel aux conf\u00e9renciers pour la pr\u00e9sentation<\/a> au GoSec est maintenant ouvert. Les conf\u00e9renciers se concentreront sur des sujets qui informeront leurs pairs concernant de nouvelles tendances et de nouveaux d\u00e9fis, tout en offrant de meilleures pratiques et des conseils qui pourront imm\u00e9diatement am\u00e9liorer les pratiques de cybers\u00e9curit\u00e9 dans leurs organisations. En outre, les chercheurs et ceux qui ont des approches innovantes et tourn\u00e9es vers l\u2019avenir partageront leurs id\u00e9es lors de cet \u00e9v\u00e9nement.<\/p>\n<p>\u00ab L&rsquo;\u00e9quipe fait toujours un excellent travail en fournissant un contenu en lien avec la r\u00e9alit\u00e9 d&rsquo;aujourd&rsquo;hui, un r\u00e9seautage hors-pair et des pr\u00e9sentations \u00e0 valeur ajout\u00e9e,\u201d fait remarquer Michel Lambda, Chef de la strat\u00e9gie num\u00e9rique chez Quadra. \u201cC&rsquo;est un \u00e9v\u00e9nement incontournable pour un responsable de la s\u00e9curit\u00e9 de l&rsquo;information.\u201d<\/p>\n<p>En diffusant le contenu par le biais d\u2019une exp\u00e9rience \u00e0 la fois en personne et virtuelle lors de la conf\u00e9rence de cette ann\u00e9e, le GoSec veillera \u00e0 ce que le public le plus large possible puisse s\u2019int\u00e9resser au contenu pr\u00e9sent\u00e9 par les experts de la communaut\u00e9 de la s\u00e9curit\u00e9 qui participent. Les participants virtuels auront acc\u00e8s au contenu \u00e0 la demande, ce qui en fait une exp\u00e9rience parfaite pour ceux qui ont besoin de flexibilit\u00e9. En ce qui concerne les professionnels d\u00e9sireux de nouer des liens, le format en pr\u00e9sentiel offrira la possibilit\u00e9 de renouer avec des coll\u00e8gues et de partager les meilleures pratiques en groupe ou en t\u00eate-\u00e0-t\u00eate.<\/p>\n<p>L&rsquo;inscription et les d\u00e9tails de l&rsquo;\u00e9v\u00e9nement sont disponibles sur <a href=\"http:\/\/fr.gosec.net\/\">fr.gosec.net<\/a>. Suivez GoSec sur <a href=\"https:\/\/www.linkedin.com\/in\/gosec-conference-179260212\/\" target=\"_blank\" rel=\"noopener\">LinkedIn<\/a> et <a href=\"https:\/\/twitter.com\/GoSec2022\" target=\"_blank\" rel=\"noopener\">Twitter<\/a> pour \u00eatre inform\u00e9 de l&rsquo;ouverture des inscriptions le 19 avril, ainsi que des annonces concernant l&rsquo;ajout d&rsquo;orateurs et de pr\u00e9sentations et d&rsquo;autres mises \u00e0 jour.<\/p>\n<p>[\/et_pb_text][et_pb_text admin_label=\u00a0\u00bbAbout GoSec\u00a0\u00bb _builder_version=\u00a0\u00bb4.15.1&Prime; _module_preset=\u00a0\u00bbdefault\u00a0\u00bb header_3_font_size=\u00a0\u00bb18px\u00a0\u00bb custom_padding=\u00a0\u00bb20px||||false|false\u00a0\u00bb global_colors_info=\u00a0\u00bb{}\u00a0\u00bb]<\/p>\n<h3>\u00c0 propos du GoSec<\/h3>\n<p>Le GoSec rassemble des experts de la s\u00e9curit\u00e9 des technologies de l\u2019information issus de multiples secteurs. En plus d\u2019\u00eatre une occasion de r\u00e9seautage pour les professionnels, l\u2019\u00e9v\u00e9nement permet aux participants de se renseigner sur les nouvelles tendances et les nouveaux sujets de l\u2019industrie en offrant plus de 30 sessions couvrant des sujets tels que : l\u2019audit et la gouvernance, la recherche et la s\u00e9curit\u00e9 op\u00e9rationnelle. Depuis 18 ans, l\u2019engagement du GoSec envers la communaut\u00e9 de la cybers\u00e9curit\u00e9 se traduit par un \u00e9v\u00e9nement qui encourage le partage de contenu, les discussions, la formation et les connexions. L\u2019objectif est de rassembler tous les professionnels de la cybers\u00e9curit\u00e9 afin de faire avancer le secteur, mais \u00e9galement de l\u2019am\u00e9liorer.<\/p>\n<p>[\/et_pb_text][\/et_pb_column][\/et_pb_row][\/et_pb_section]<\/p>\n","protected":false},"excerpt":{"rendered":"<p>GoSec, incontournable conf\u00e9rence et exposition sur la s\u00e9curit\u00e9 de l\u2019information au Canada, sera de retour en personne au Centre des congr\u00e8s de Montr\u00e9al cette ann\u00e9e, en plus d\u2019offrir une exp\u00e9rience num\u00e9rique robuste afin de s\u2019assurer qu\u2019un large public de professionnels de la cybers\u00e9curit\u00e9 puisse avoir acc\u00e8s aux contenus, s\u2019engager et se connecter \u00e0 l\u2019\u00e9v\u00e9nement.<\/p>\n","protected":false},"author":1,"featured_media":0,"comment_status":"closed","ping_status":"closed","sticky":false,"template":"","format":"standard","meta":{"_et_pb_use_builder":"on","_et_pb_old_content":"","_et_gb_content_width":"","_price":"","_stock":"","_tribe_ticket_header":"","_tribe_default_ticket_provider":"","_tribe_ticket_capacity":"","_ticket_start_date":"","_ticket_end_date":"","_tribe_ticket_show_description":"","_tribe_ticket_show_not_going":false,"_tribe_ticket_use_global_stock":"","_tribe_ticket_global_stock_level":"","_global_stock_mode":"","_global_stock_cap":"","_tribe_rsvp_for_event":"","_tribe_ticket_going_count":"","_tribe_ticket_not_going_count":"","_tribe_tickets_list":"[]","_tribe_ticket_has_attendee_info_fields":false,"footnotes":""},"categories":[20],"tags":[21],"class_list":["post-1048","post","type-post","status-publish","format-standard","hentry","category-press","tag-gosec-2022"],"yoast_head":"<!-- This site is optimized with the Yoast SEO plugin v27.4 - https:\/\/yoast.com\/product\/yoast-seo-wordpress\/ -->\n<title>Le GoSec, incontournable conf\u00e9rence sur la cybers\u00e9curit\u00e9, annonce les dates pour 2022 et la mise \u00e0 jour de son format - GoSec<\/title>\n<meta name=\"robots\" content=\"index, follow, max-snippet:-1, max-image-preview:large, max-video-preview:-1\" \/>\n<link rel=\"canonical\" href=\"https:\/\/gosec.net\/fr\/blog\/2022\/03\/24\/le-gosec-incontournable-conference-sur-la-cybersecurite-annonce-les-dates-pour-2022-et-la-mise-a-jour-de-son-format\/\" \/>\n<meta property=\"og:locale\" content=\"fr_FR\" \/>\n<meta property=\"og:type\" content=\"article\" \/>\n<meta property=\"og:title\" content=\"Le GoSec, incontournable conf\u00e9rence sur la cybers\u00e9curit\u00e9, annonce les dates pour 2022 et la mise \u00e0 jour de son format - GoSec\" \/>\n<meta property=\"og:description\" content=\"GoSec, incontournable conf\u00e9rence et exposition sur la s\u00e9curit\u00e9 de l\u2019information au Canada, sera de retour en personne au Centre des congr\u00e8s de Montr\u00e9al cette ann\u00e9e, en plus d\u2019offrir une exp\u00e9rience num\u00e9rique robuste afin de s\u2019assurer qu\u2019un large public de professionnels de la cybers\u00e9curit\u00e9 puisse avoir acc\u00e8s aux contenus, s\u2019engager et se connecter \u00e0 l\u2019\u00e9v\u00e9nement.\" \/>\n<meta property=\"og:url\" content=\"https:\/\/gosec.net\/fr\/blog\/2022\/03\/24\/le-gosec-incontournable-conference-sur-la-cybersecurite-annonce-les-dates-pour-2022-et-la-mise-a-jour-de-son-format\/\" \/>\n<meta property=\"og:site_name\" content=\"GoSec\" \/>\n<meta property=\"article:published_time\" content=\"2022-03-24T09:55:41+00:00\" \/>\n<meta name=\"author\" content=\"GoSec\" \/>\n<meta name=\"twitter:card\" content=\"summary_large_image\" \/>\n<meta name=\"twitter:creator\" content=\"@GoSec\" \/>\n<meta name=\"twitter:site\" content=\"@GoSec\" \/>\n<meta name=\"twitter:label1\" content=\"\u00c9crit par\" \/>\n\t<meta name=\"twitter:data1\" content=\"GoSec\" \/>\n\t<meta name=\"twitter:label2\" content=\"Dur\u00e9e de lecture estim\u00e9e\" \/>\n\t<meta name=\"twitter:data2\" content=\"4 minutes\" \/>\n<script type=\"application\/ld+json\" class=\"yoast-schema-graph\">{\"@context\":\"https:\\\/\\\/schema.org\",\"@graph\":[{\"@type\":\"Article\",\"@id\":\"https:\\\/\\\/gosec.net\\\/fr\\\/blog\\\/2022\\\/03\\\/24\\\/le-gosec-incontournable-conference-sur-la-cybersecurite-annonce-les-dates-pour-2022-et-la-mise-a-jour-de-son-format\\\/#article\",\"isPartOf\":{\"@id\":\"https:\\\/\\\/gosec.net\\\/fr\\\/blog\\\/2022\\\/03\\\/24\\\/le-gosec-incontournable-conference-sur-la-cybersecurite-annonce-les-dates-pour-2022-et-la-mise-a-jour-de-son-format\\\/\"},\"author\":{\"name\":\"GoSec\",\"@id\":\"https:\\\/\\\/gosec.net\\\/fr\\\/#\\\/schema\\\/person\\\/597cc888d84847d4d4199e9a331e8cab\"},\"headline\":\"Le GoSec, incontournable conf\u00e9rence sur la cybers\u00e9curit\u00e9, annonce les dates pour 2022 et la mise \u00e0 jour de son format\",\"datePublished\":\"2022-03-24T09:55:41+00:00\",\"mainEntityOfPage\":{\"@id\":\"https:\\\/\\\/gosec.net\\\/fr\\\/blog\\\/2022\\\/03\\\/24\\\/le-gosec-incontournable-conference-sur-la-cybersecurite-annonce-les-dates-pour-2022-et-la-mise-a-jour-de-son-format\\\/\"},\"wordCount\":869,\"publisher\":{\"@id\":\"https:\\\/\\\/gosec.net\\\/fr\\\/#organization\"},\"keywords\":[\"GoSec 2022\"],\"articleSection\":[\"Press\"],\"inLanguage\":\"fr-FR\"},{\"@type\":\"WebPage\",\"@id\":\"https:\\\/\\\/gosec.net\\\/fr\\\/blog\\\/2022\\\/03\\\/24\\\/le-gosec-incontournable-conference-sur-la-cybersecurite-annonce-les-dates-pour-2022-et-la-mise-a-jour-de-son-format\\\/\",\"url\":\"https:\\\/\\\/gosec.net\\\/fr\\\/blog\\\/2022\\\/03\\\/24\\\/le-gosec-incontournable-conference-sur-la-cybersecurite-annonce-les-dates-pour-2022-et-la-mise-a-jour-de-son-format\\\/\",\"name\":\"Le GoSec, incontournable conf\u00e9rence sur la cybers\u00e9curit\u00e9, annonce les dates pour 2022 et la mise \u00e0 jour de son format - GoSec\",\"isPartOf\":{\"@id\":\"https:\\\/\\\/gosec.net\\\/fr\\\/#website\"},\"datePublished\":\"2022-03-24T09:55:41+00:00\",\"breadcrumb\":{\"@id\":\"https:\\\/\\\/gosec.net\\\/fr\\\/blog\\\/2022\\\/03\\\/24\\\/le-gosec-incontournable-conference-sur-la-cybersecurite-annonce-les-dates-pour-2022-et-la-mise-a-jour-de-son-format\\\/#breadcrumb\"},\"inLanguage\":\"fr-FR\",\"potentialAction\":[{\"@type\":\"ReadAction\",\"target\":[\"https:\\\/\\\/gosec.net\\\/fr\\\/blog\\\/2022\\\/03\\\/24\\\/le-gosec-incontournable-conference-sur-la-cybersecurite-annonce-les-dates-pour-2022-et-la-mise-a-jour-de-son-format\\\/\"]}]},{\"@type\":\"BreadcrumbList\",\"@id\":\"https:\\\/\\\/gosec.net\\\/fr\\\/blog\\\/2022\\\/03\\\/24\\\/le-gosec-incontournable-conference-sur-la-cybersecurite-annonce-les-dates-pour-2022-et-la-mise-a-jour-de-son-format\\\/#breadcrumb\",\"itemListElement\":[{\"@type\":\"ListItem\",\"position\":1,\"name\":\"Home\",\"item\":\"https:\\\/\\\/gosec.net\\\/fr\\\/\"},{\"@type\":\"ListItem\",\"position\":2,\"name\":\"Le GoSec, incontournable conf\u00e9rence sur la cybers\u00e9curit\u00e9, annonce les dates pour 2022 et la mise \u00e0 jour de son format\"}]},{\"@type\":\"WebSite\",\"@id\":\"https:\\\/\\\/gosec.net\\\/fr\\\/#website\",\"url\":\"https:\\\/\\\/gosec.net\\\/fr\\\/\",\"name\":\"GoSec\",\"description\":\"Together, let\u2019s inspire, educate, and shape the future of cybersecurity\",\"publisher\":{\"@id\":\"https:\\\/\\\/gosec.net\\\/fr\\\/#organization\"},\"potentialAction\":[{\"@type\":\"SearchAction\",\"target\":{\"@type\":\"EntryPoint\",\"urlTemplate\":\"https:\\\/\\\/gosec.net\\\/fr\\\/?s={search_term_string}\"},\"query-input\":{\"@type\":\"PropertyValueSpecification\",\"valueRequired\":true,\"valueName\":\"search_term_string\"}}],\"inLanguage\":\"fr-FR\"},{\"@type\":\"Organization\",\"@id\":\"https:\\\/\\\/gosec.net\\\/fr\\\/#organization\",\"name\":\"GoSec\",\"url\":\"https:\\\/\\\/gosec.net\\\/fr\\\/\",\"logo\":{\"@type\":\"ImageObject\",\"inLanguage\":\"fr-FR\",\"@id\":\"https:\\\/\\\/gosec.net\\\/fr\\\/#\\\/schema\\\/logo\\\/image\\\/\",\"url\":\"https:\\\/\\\/gosec.net\\\/wp-content\\\/uploads\\\/GoSec24-color.png\",\"contentUrl\":\"https:\\\/\\\/gosec.net\\\/wp-content\\\/uploads\\\/GoSec24-color.png\",\"width\":2000,\"height\":800,\"caption\":\"GoSec\"},\"image\":{\"@id\":\"https:\\\/\\\/gosec.net\\\/fr\\\/#\\\/schema\\\/logo\\\/image\\\/\"},\"sameAs\":[\"https:\\\/\\\/x.com\\\/GoSec\",\"https:\\\/\\\/www.linkedin.com\\\/company\\\/gosec22-conference\\\/\"]},{\"@type\":\"Person\",\"@id\":\"https:\\\/\\\/gosec.net\\\/fr\\\/#\\\/schema\\\/person\\\/597cc888d84847d4d4199e9a331e8cab\",\"name\":\"GoSec\",\"sameAs\":[\"http:\\\/\\\/gosec.wpengine.com\"]}]}<\/script>\n<!-- \/ Yoast SEO plugin. -->","yoast_head_json":{"title":"Le GoSec, incontournable conf\u00e9rence sur la cybers\u00e9curit\u00e9, annonce les dates pour 2022 et la mise \u00e0 jour de son format - GoSec","robots":{"index":"index","follow":"follow","max-snippet":"max-snippet:-1","max-image-preview":"max-image-preview:large","max-video-preview":"max-video-preview:-1"},"canonical":"https:\/\/gosec.net\/fr\/blog\/2022\/03\/24\/le-gosec-incontournable-conference-sur-la-cybersecurite-annonce-les-dates-pour-2022-et-la-mise-a-jour-de-son-format\/","og_locale":"fr_FR","og_type":"article","og_title":"Le GoSec, incontournable conf\u00e9rence sur la cybers\u00e9curit\u00e9, annonce les dates pour 2022 et la mise \u00e0 jour de son format - GoSec","og_description":"GoSec, incontournable conf\u00e9rence et exposition sur la s\u00e9curit\u00e9 de l\u2019information au Canada, sera de retour en personne au Centre des congr\u00e8s de Montr\u00e9al cette ann\u00e9e, en plus d\u2019offrir une exp\u00e9rience num\u00e9rique robuste afin de s\u2019assurer qu\u2019un large public de professionnels de la cybers\u00e9curit\u00e9 puisse avoir acc\u00e8s aux contenus, s\u2019engager et se connecter \u00e0 l\u2019\u00e9v\u00e9nement.","og_url":"https:\/\/gosec.net\/fr\/blog\/2022\/03\/24\/le-gosec-incontournable-conference-sur-la-cybersecurite-annonce-les-dates-pour-2022-et-la-mise-a-jour-de-son-format\/","og_site_name":"GoSec","article_published_time":"2022-03-24T09:55:41+00:00","author":"GoSec","twitter_card":"summary_large_image","twitter_creator":"@GoSec","twitter_site":"@GoSec","twitter_misc":{"\u00c9crit par":"GoSec","Dur\u00e9e de lecture estim\u00e9e":"4 minutes"},"schema":{"@context":"https:\/\/schema.org","@graph":[{"@type":"Article","@id":"https:\/\/gosec.net\/fr\/blog\/2022\/03\/24\/le-gosec-incontournable-conference-sur-la-cybersecurite-annonce-les-dates-pour-2022-et-la-mise-a-jour-de-son-format\/#article","isPartOf":{"@id":"https:\/\/gosec.net\/fr\/blog\/2022\/03\/24\/le-gosec-incontournable-conference-sur-la-cybersecurite-annonce-les-dates-pour-2022-et-la-mise-a-jour-de-son-format\/"},"author":{"name":"GoSec","@id":"https:\/\/gosec.net\/fr\/#\/schema\/person\/597cc888d84847d4d4199e9a331e8cab"},"headline":"Le GoSec, incontournable conf\u00e9rence sur la cybers\u00e9curit\u00e9, annonce les dates pour 2022 et la mise \u00e0 jour de son format","datePublished":"2022-03-24T09:55:41+00:00","mainEntityOfPage":{"@id":"https:\/\/gosec.net\/fr\/blog\/2022\/03\/24\/le-gosec-incontournable-conference-sur-la-cybersecurite-annonce-les-dates-pour-2022-et-la-mise-a-jour-de-son-format\/"},"wordCount":869,"publisher":{"@id":"https:\/\/gosec.net\/fr\/#organization"},"keywords":["GoSec 2022"],"articleSection":["Press"],"inLanguage":"fr-FR"},{"@type":"WebPage","@id":"https:\/\/gosec.net\/fr\/blog\/2022\/03\/24\/le-gosec-incontournable-conference-sur-la-cybersecurite-annonce-les-dates-pour-2022-et-la-mise-a-jour-de-son-format\/","url":"https:\/\/gosec.net\/fr\/blog\/2022\/03\/24\/le-gosec-incontournable-conference-sur-la-cybersecurite-annonce-les-dates-pour-2022-et-la-mise-a-jour-de-son-format\/","name":"Le GoSec, incontournable conf\u00e9rence sur la cybers\u00e9curit\u00e9, annonce les dates pour 2022 et la mise \u00e0 jour de son format - GoSec","isPartOf":{"@id":"https:\/\/gosec.net\/fr\/#website"},"datePublished":"2022-03-24T09:55:41+00:00","breadcrumb":{"@id":"https:\/\/gosec.net\/fr\/blog\/2022\/03\/24\/le-gosec-incontournable-conference-sur-la-cybersecurite-annonce-les-dates-pour-2022-et-la-mise-a-jour-de-son-format\/#breadcrumb"},"inLanguage":"fr-FR","potentialAction":[{"@type":"ReadAction","target":["https:\/\/gosec.net\/fr\/blog\/2022\/03\/24\/le-gosec-incontournable-conference-sur-la-cybersecurite-annonce-les-dates-pour-2022-et-la-mise-a-jour-de-son-format\/"]}]},{"@type":"BreadcrumbList","@id":"https:\/\/gosec.net\/fr\/blog\/2022\/03\/24\/le-gosec-incontournable-conference-sur-la-cybersecurite-annonce-les-dates-pour-2022-et-la-mise-a-jour-de-son-format\/#breadcrumb","itemListElement":[{"@type":"ListItem","position":1,"name":"Home","item":"https:\/\/gosec.net\/fr\/"},{"@type":"ListItem","position":2,"name":"Le GoSec, incontournable conf\u00e9rence sur la cybers\u00e9curit\u00e9, annonce les dates pour 2022 et la mise \u00e0 jour de son format"}]},{"@type":"WebSite","@id":"https:\/\/gosec.net\/fr\/#website","url":"https:\/\/gosec.net\/fr\/","name":"GoSec","description":"Together, let\u2019s inspire, educate, and shape the future of cybersecurity","publisher":{"@id":"https:\/\/gosec.net\/fr\/#organization"},"potentialAction":[{"@type":"SearchAction","target":{"@type":"EntryPoint","urlTemplate":"https:\/\/gosec.net\/fr\/?s={search_term_string}"},"query-input":{"@type":"PropertyValueSpecification","valueRequired":true,"valueName":"search_term_string"}}],"inLanguage":"fr-FR"},{"@type":"Organization","@id":"https:\/\/gosec.net\/fr\/#organization","name":"GoSec","url":"https:\/\/gosec.net\/fr\/","logo":{"@type":"ImageObject","inLanguage":"fr-FR","@id":"https:\/\/gosec.net\/fr\/#\/schema\/logo\/image\/","url":"https:\/\/gosec.net\/wp-content\/uploads\/GoSec24-color.png","contentUrl":"https:\/\/gosec.net\/wp-content\/uploads\/GoSec24-color.png","width":2000,"height":800,"caption":"GoSec"},"image":{"@id":"https:\/\/gosec.net\/fr\/#\/schema\/logo\/image\/"},"sameAs":["https:\/\/x.com\/GoSec","https:\/\/www.linkedin.com\/company\/gosec22-conference\/"]},{"@type":"Person","@id":"https:\/\/gosec.net\/fr\/#\/schema\/person\/597cc888d84847d4d4199e9a331e8cab","name":"GoSec","sameAs":["http:\/\/gosec.wpengine.com"]}]}},"_links":{"self":[{"href":"https:\/\/gosec.net\/fr\/wp-json\/wp\/v2\/posts\/1048","targetHints":{"allow":["GET"]}}],"collection":[{"href":"https:\/\/gosec.net\/fr\/wp-json\/wp\/v2\/posts"}],"about":[{"href":"https:\/\/gosec.net\/fr\/wp-json\/wp\/v2\/types\/post"}],"author":[{"embeddable":true,"href":"https:\/\/gosec.net\/fr\/wp-json\/wp\/v2\/users\/1"}],"replies":[{"embeddable":true,"href":"https:\/\/gosec.net\/fr\/wp-json\/wp\/v2\/comments?post=1048"}],"version-history":[{"count":0,"href":"https:\/\/gosec.net\/fr\/wp-json\/wp\/v2\/posts\/1048\/revisions"}],"wp:attachment":[{"href":"https:\/\/gosec.net\/fr\/wp-json\/wp\/v2\/media?parent=1048"}],"wp:term":[{"taxonomy":"category","embeddable":true,"href":"https:\/\/gosec.net\/fr\/wp-json\/wp\/v2\/categories?post=1048"},{"taxonomy":"post_tag","embeddable":true,"href":"https:\/\/gosec.net\/fr\/wp-json\/wp\/v2\/tags?post=1048"}],"curies":[{"name":"wp","href":"https:\/\/api.w.org\/{rel}","templated":true}]}}